[{"@context":"https:\/\/schema.org\/","@type":"Article","@id":"https:\/\/www.hamtam.cz\/uklizet-nemusite-zcela-sami\/#Article","mainEntityOfPage":"https:\/\/www.hamtam.cz\/uklizet-nemusite-zcela-sami\/","headline":"Ukl\u00edzet nemus\u00edte zcela sami","name":"Ukl\u00edzet nemus\u00edte zcela sami","description":"Celodenn\u00ed pr\u00e1ce v kancel\u00e1\u0159i m\u016f\u017ee m\u00edt za n\u00e1sledek to, \u017ee v dan\u00e9m interi\u00e9ru bude nep\u011bkn\u00fd nepo\u0159\u00e1dek. M\u016f\u017ee za to zejm\u00e9na pracovn\u00ed vyt\u00ed\u017een\u00ed, kter\u00e9 nem\u016f\u017ee br\u00e1t ohled na to, \u017ee z upraven\u00e9 m\u00edstnosti se stane m\u00edstnost s nepo\u0159\u00e1dkem. Je to trochu da\u0148 za to, \u017ee v\u0161ichni budou pracovat pe\u010dliv\u011b a c\u00edlev\u011bdom\u011b. Kdy\u017e chcete tuto situaci vy\u0159e\u0161it, [&hellip;]","datePublished":"2020-03-21","dateModified":"2023-06-06","author":{"@type":"Person","@id":"https:\/\/www.hamtam.cz\/author\/#Person","name":"","url":"https:\/\/www.hamtam.cz\/author\/","identifier":1,"image":{"@type":"ImageObject","@id":"https:\/\/secure.gravatar.com\/avatar\/4c052e7a73c1efe5fd04a7144e27996a074b623217a764a72d90cb6a084de021?s=96&d=mm&r=g","url":"https:\/\/secure.gravatar.com\/avatar\/4c052e7a73c1efe5fd04a7144e27996a074b623217a764a72d90cb6a084de021?s=96&d=mm&r=g","height":96,"width":96}},"publisher":{"@type":"Organization","name":"hamtam.cz","logo":{"@type":"ImageObject","@id":"\/logo.png","url":"\/logo.png","width":600,"height":60}},"image":{"@type":"ImageObject","@id":"https:\/\/www.hamtam.cz\/wp-content\/uploads\/rozpra%C5%A1ova%C4%8D%20se%20sapon%C3%A1tem.jpg","url":"https:\/\/www.hamtam.cz\/wp-content\/uploads\/rozpra%C5%A1ova%C4%8D%20se%20sapon%C3%A1tem.jpg","height":0,"width":0},"url":"https:\/\/www.hamtam.cz\/uklizet-nemusite-zcela-sami\/","about":["Produkty"],"wordCount":445,"articleBody":" Celodenn\u00ed pr\u00e1ce v kancel\u00e1\u0159i m\u016f\u017ee m\u00edt za n\u00e1sledek to, \u017ee v dan\u00e9m interi\u00e9ru bude nep\u011bkn\u00fd nepo\u0159\u00e1dek. M\u016f\u017ee za to zejm\u00e9na pracovn\u00ed vyt\u00ed\u017een\u00ed, kter\u00e9 nem\u016f\u017ee br\u00e1t ohled na to, \u017ee z upraven\u00e9 m\u00edstnosti se stane m\u00edstnost s nepo\u0159\u00e1dkem. Je to trochu da\u0148 za to, \u017ee v\u0161ichni budou pracovat pe\u010dliv\u011b a c\u00edlev\u011bdom\u011b. Kdy\u017e chcete tuto situaci vy\u0159e\u0161it, m\u016f\u017eete vyu\u017e\u00edt ve\u010dern\u00ed \u00faklid Praha, co\u017e je slu\u017eba, kterou ocen\u00ed zejm\u00e9na provozovny, kancel\u00e1\u0159e a dal\u0161\u00ed m\u00edsta, kter\u00e1 jsou nejv\u00edce aktivn\u00ed z r\u00e1na a kolem ob\u011bda. V odpoledn\u00edch hodin\u00e1ch u\u017e se nikomu p\u0159\u00edli\u0161 pracovat nechce, proto je ide\u00e1ln\u00ed \u010das na to j\u00edt dom\u016f. V kancel\u00e1\u0159i v\u0161ak m\u016f\u017ee z\u016fstat nemal\u00e1 spou\u0161\u0165, a proto je na \u00faklidov\u00e9 firm\u011b, aby si s t\u00edmto probl\u00e9mem efektivn\u011b poradila.Co v\u0161echno je mo\u017en\u00e9 v r\u00e1mci ve\u010dern\u00edho \u00faklidu zvl\u00e1dnout?Vys\u00e1v\u00e1n\u00ed = naprost\u00fd z\u00e1klad, bez kter\u00e9ho se nem\u016f\u017ee obej\u00edt jak\u00fdkoliv interi\u00e9r, kde to mysl\u00ed lid\u00e9 s po\u0159\u00e1dkem a \u010distotou opravdu v\u00e1\u017en\u011bUm\u00fdv\u00e1n\u00ed oken = aby lid\u00e9 m\u011bli v\u017edy p\u0159\u00edjemn\u00fd v\u00fdhled na denn\u00ed sv\u011btlo, je t\u0159eba udr\u017eovat okna v \u010distot\u011b, d\u00edky \u010demu\u017e se budou pracovn\u00edci c\u00edtit p\u0159i sv\u00e9m povol\u00e1n\u00ed l\u00e9peUt\u00edr\u00e1n\u00ed prachu = i v nov\u00fdch prostor\u00e1ch se m\u016f\u017ee po kr\u00e1tk\u00e9 dob\u011b za\u010d\u00edt tvo\u0159it nemal\u00e9 mno\u017estv\u00ed prachu, kter\u00e9 je t\u0159eba pravideln\u011b odkl\u00edzet, aby to neznamenalo v\u011bt\u0161\u00ed probl\u00e9m\u00daklid kuchy\u0148ky = m\u016f\u017ee j\u00edt o umyt\u00ed n\u00e1dob\u00ed po n\u011bkom, kdo na to nem\u011bl p\u0159es den \u010das, ale tak\u00e9 o vydrhnut\u00ed umyvadla nebo t\u0159eba \u010di\u0161t\u011bn\u00ed k\u00e1vovaruTyto \u010dinnosti jsou esenci\u00e1ln\u00ed, tedy naprosto z\u00e1kladn\u00ed, a proto by je nem\u011bl p\u0159ehl\u00ed\u017eet naprosto nikdo. Myslete tedy na sv\u00e9 pocity z pr\u00e1ce, kter\u00e9 m\u00e1te, a pop\u0159em\u00fd\u0161lejte o tom, jak jste spokojeni s po\u0159\u00e1dkem, kter\u00fd na sv\u00e9m pracovn\u00edm stole nebo v cel\u00e9 kancel\u00e1\u0159i m\u00e1te. Jist\u011b uzn\u00e1te, \u017ee by to cht\u011blo n\u011bjak\u00e9 vylep\u0161en\u00ed, kter\u00e9 tkv\u00ed pr\u00e1v\u011b v t\u011bchto slu\u017eb\u00e1ch.Nejv\u011bt\u0161\u00ed v\u00fdhoda je naprost\u00e9 nenaru\u0161en\u00ed chodu kancel\u00e1\u0159eJist\u011b ocen\u00edte to, \u017ee a\u0165 u\u017e pracujete na \u010demkoliv, tak \u00faklid za\u010dne a\u017e po tom, co v\u011bt\u0161ina, nebo dokonce v\u0161ichni, z kancel\u00e1\u0159e odejdou                                                                                                                                                                                                                                                                                                                                                                                         4.6\/5 - (5 votes)        "},{"@context":"https:\/\/schema.org\/","@type":"BreadcrumbList","itemListElement":[{"@type":"ListItem","position":1,"name":"Ukl\u00edzet nemus\u00edte zcela sami","item":"https:\/\/www.hamtam.cz\/uklizet-nemusite-zcela-sami\/#breadcrumbitem"}]}]