[{"@context":"https:\/\/schema.org\/","@type":"Article","@id":"https:\/\/www.hamtam.cz\/uklid-v-dome-muze-za-vas-provest-uklidova-firma\/#Article","mainEntityOfPage":"https:\/\/www.hamtam.cz\/uklid-v-dome-muze-za-vas-provest-uklidova-firma\/","headline":"\u00daklid v dom\u011b m\u016f\u017ee za v\u00e1s prov\u00e9st \u00faklidov\u00e1 firma","name":"\u00daklid v dom\u011b m\u016f\u017ee za v\u00e1s prov\u00e9st \u00faklidov\u00e1 firma","description":"\u00daklid bytov\u00fdch dom\u016f v Praze b\u00fdv\u00e1 zna\u010dn\u011b problematick\u00fd zejm\u00e9na tam, kde se lid\u00e9 nedok\u00e1\u017eou shodnout na sv\u00fdch povinnostech. St\u011b\u017euj\u00ed si pak jeden na druh\u00e9ho, \u017ee tamhle Lojza minul\u00fd t\u00fdden nevyt\u0159el schody, a \u017ee Arno\u0161t ze sousedn\u00edho bytu nebo jeho cho\u0165 Milena zapomn\u011bli uklidit spole\u010dn\u00e9 prostory v p\u0159\u00edzem\u00ed a je tam spousta prachu a nano\u0161en\u00e9ho bl\u00e1ta. [&hellip;]","datePublished":"2023-08-06","dateModified":"2023-10-10","author":{"@type":"Person","@id":"https:\/\/www.hamtam.cz\/author\/#Person","name":"","url":"https:\/\/www.hamtam.cz\/author\/","identifier":1,"image":{"@type":"ImageObject","@id":"https:\/\/secure.gravatar.com\/avatar\/4c052e7a73c1efe5fd04a7144e27996a074b623217a764a72d90cb6a084de021?s=96&d=mm&r=g","url":"https:\/\/secure.gravatar.com\/avatar\/4c052e7a73c1efe5fd04a7144e27996a074b623217a764a72d90cb6a084de021?s=96&d=mm&r=g","height":96,"width":96}},"publisher":{"@type":"Organization","name":"hamtam.cz","logo":{"@type":"ImageObject","@id":"\/logo.png","url":"\/logo.png","width":600,"height":60}},"image":{"@type":"ImageObject","@id":"https:\/\/www.hamtam.cz\/wp-content\/uploads\/landscape-929805_640_1.jpg","url":"https:\/\/www.hamtam.cz\/wp-content\/uploads\/landscape-929805_640_1.jpg","height":0,"width":0},"url":"https:\/\/www.hamtam.cz\/uklid-v-dome-muze-za-vas-provest-uklidova-firma\/","about":["Byznys"],"wordCount":405,"articleBody":"   \u00daklid bytov\u00fdch dom\u016f v Praze b\u00fdv\u00e1 zna\u010dn\u011b problematick\u00fd zejm\u00e9na tam, kde se lid\u00e9 nedok\u00e1\u017eou shodnout na sv\u00fdch povinnostech. St\u011b\u017euj\u00ed si pak jeden na druh\u00e9ho, \u017ee tamhle Lojza minul\u00fd t\u00fdden nevyt\u0159el schody, a \u017ee Arno\u0161t ze sousedn\u00edho bytu nebo jeho cho\u0165 Milena zapomn\u011bli uklidit spole\u010dn\u00e9 prostory v p\u0159\u00edzem\u00ed a je tam spousta prachu a nano\u0161en\u00e9ho bl\u00e1ta. Je\u0161t\u011b v\u011bt\u0161\u00edm probl\u00e9mem je dohodnout se na tom, kdo bude v dom\u011b um\u00fdvat okna, proto\u017ee na\u0159\u00eddit n\u011bkomu nebezpe\u010dnou \u010dinnost, co\u017e se t\u00fdk\u00e1 hlavn\u011b vy\u0161\u0161\u00edch pater, je prakticky nemo\u017en\u00e9. Kdy se vyplat\u00ed uzav\u0159\u00edt smlouvu s \u00faklidovou firmouJsou-li v dom\u011b sta\u0159\u00ed a \u0161patn\u011b pohybliv\u00ed lid\u00e9 \u2013 jestli\u017ee je v dom\u011b p\u0159evaha star\u0161\u00edch lid\u00ed, pro kter\u00e9 jsou \u00faklidov\u00e9 pr\u00e1ce p\u0159\u00edli\u0161 vy\u010derp\u00e1vaj\u00edc\u00ed, je v\u00fdhodn\u011bj\u0161\u00ed zaplatit ze spole\u010dn\u00fdch financ\u00ed (z bytov\u00e9ho fondu) \u00faklidovou firmu. Ta se postar\u00e1 prakticky o v\u0161e, co j\u00ed zad\u00e1te do kompetence.Kdo uklid\u00ed v\u00fdtah, vchod, ko\u010d\u00e1rk\u00e1rnu a dal\u0161\u00ed sklepn\u00ed prostory \u2013 lid\u00e9, co bydl\u00ed v dom\u011b ve vy\u0161\u0161\u00edch patrech, se obvykle staraj\u00ed pouze o \u00faklid prostor v bl\u00edzkosti jejich bytu, tedy schodi\u0161t\u011b a podlahov\u00e9 plochy na jejich pat\u0159e a v mezipat\u0159e. Nezaj\u00edmaj\u00ed se o to, kdo bude ukl\u00edzet ve v\u00fdtahu, a kdo zajist\u00ed \u00faklid toho nejvyt\u00ed\u017een\u011bj\u0161\u00edho v cel\u00e9m dom\u011b \u2013 vstupn\u00ed vestibul, p\u0159\u00edzemn\u00ed chodby, sklepy a ko\u010d\u00e1rk\u00e1rnu. Aby se o toto staral pouze ten, kdo bydl\u00ed v p\u0159\u00edzem\u00ed, je docela nef\u00e9r jedn\u00e1n\u00ed, ov\u0161em postar\u00e1-li se o to \u00faklidov\u00e1 firma, pak nen\u00ed co \u0159e\u0161it.Myt\u00ed oken \u2013 um\u00fdv\u00e1n\u00ed oken ve spole\u010dn\u00fdch prostor\u00e1ch je v\u017edy ot\u00e1zkou dohody majitel\u016f byt\u016f \u010di n\u00e1jemn\u00edk\u016f, ale ne v\u0161ude se da\u0159\u00ed p\u0159istoupit na \u0159e\u0161en\u00ed, se kter\u00fdm souhlas\u00ed v\u0161ichni. Myt\u00ed oken je pom\u011brn\u011b nebezpe\u010dn\u00e9 a n\u011bkdy sta\u010d\u00ed jen chvilka nepozornosti, vratk\u00e9 \u0161tafle nebo podkluzuj\u00edc\u00ed ter\u00e9n pod nohama, a ne\u0161t\u011bst\u00ed je na sv\u011bt\u011b. Toto je jedna z prac\u00ed, kter\u00e9 je rozumn\u00e9 sv\u011b\u0159it profesion\u00e1l\u016fm. Ti maj\u00ed k dispozici pot\u0159ebn\u00e9 pom\u016fcky i techniku a um\u00ed si po\u010d\u00ednat mnohdy l\u00e9pe, ne\u017e nezku\u0161en\u00fd amat\u00e9r.                                                                                                                                                                                                                                                                                                                                                                                          4.7\/5 - (3 votes)        "},{"@context":"https:\/\/schema.org\/","@type":"BreadcrumbList","itemListElement":[{"@type":"ListItem","position":1,"name":"\u00daklid v dom\u011b m\u016f\u017ee za v\u00e1s prov\u00e9st \u00faklidov\u00e1 firma","item":"https:\/\/www.hamtam.cz\/uklid-v-dome-muze-za-vas-provest-uklidova-firma\/#breadcrumbitem"}]}]